{"id":5826,"date":"2023-04-28T08:00:45","date_gmt":"2023-04-28T06:00:45","guid":{"rendered":"https:\/\/www.kmagroupbv.com\/?p=5826"},"modified":"2023-05-01T09:48:22","modified_gmt":"2023-05-01T07:48:22","slug":"der-tag-der-arbeitssicherheit","status":"publish","type":"post","link":"https:\/\/www.kmagroupbv.com\/de\/2023\/04\/28\/der-tag-der-arbeitssicherheit\/","title":{"rendered":"Der Tag der Arbeitssicherheit"},"content":{"rendered":"\t\t<div data-elementor-type=\"wp-post\" data-elementor-id=\"5826\" class=\"elementor elementor-5826\">\n\t\t\t\t\t\t<section class=\"elementor-section elementor-top-section elementor-element elementor-element-7f65a1a elementor-section-boxed elementor-section-height-default elementor-section-height-default\" data-id=\"7f65a1a\" data-element_type=\"section\">\n\t\t\t\t\t\t<div class=\"elementor-container elementor-column-gap-default\">\n\t\t\t\t\t<div class=\"elementor-column elementor-col-100 elementor-top-column elementor-element elementor-element-58a1d76\" data-id=\"58a1d76\" data-element_type=\"column\">\n\t\t\t<div class=\"elementor-column-wrap--58a1d76 elementor-widget-wrap elementor-element-populated\">\n\t\t\t\t\t\t<div class=\"elementor-element elementor-element-5afb4f3 elementor-widget elementor-widget-text-editor\" data-id=\"5afb4f3\" data-element_type=\"widget\" data-widget_type=\"text-editor.default\">\n\t\t\t\t<div class=\"elementor-widget-container\">\n\t\t\t\t\t\t\t\t\t<p>Heute ist Welttag f\u00fcr Sicherheit am Arbeitsplatz. Mit diesem Tag m\u00f6chte die Internationale Arbeitsorganisation auf internationaler Ebene auf die Verh\u00fctung von Arbeitsunf\u00e4llen aufmerksam machen. Laut Statistics Netherlands gab es im Jahr 2021 in den Niederlanden fast 200.000 Arbeitsunf\u00e4lle. Deshalb ist ein proaktiver Umgang mit Arbeitssicherheit so wichtig! Erfahren Sie mehr \u00fcber die Vorteile einer proaktiven Richtlinie in unserem neuen Blog und verbessern Sie die Sicherheit an Ihrem Arbeitsplatz.<\/p>\t\t\t\t\t\t\t\t<\/div>\n\t\t\t\t<\/div>\n\t\t\t\t\t<\/div>\n\t\t<\/div>\n\t\t\t\t\t<\/div>\n\t\t<\/section>\n\t\t\t\t<section class=\"elementor-section elementor-top-section elementor-element elementor-element-2da5b42 elementor-section-boxed elementor-section-height-default elementor-section-height-default\" data-id=\"2da5b42\" data-element_type=\"section\">\n\t\t\t\t\t\t<div class=\"elementor-container elementor-column-gap-default\">\n\t\t\t\t\t<div class=\"elementor-column elementor-col-50 elementor-top-column elementor-element elementor-element-644b703\" data-id=\"644b703\" data-element_type=\"column\">\n\t\t\t<div class=\"elementor-column-wrap--644b703 elementor-widget-wrap elementor-element-populated\">\n\t\t\t\t\t\t<div class=\"elementor-element elementor-element-97ad1f3 elementor-widget elementor-widget-button\" data-id=\"97ad1f3\" data-element_type=\"widget\" data-widget_type=\"button.default\">\n\t\t\t\t<div class=\"elementor-widget-container\">\n\t\t\t\t\t\t\t\t\t<div class=\"elementor-button-wrapper\">\n\t\t\t\t\t<a class=\"elementor-button elementor-button-link elementor-size-sm\" href=\"https:\/\/www.kmagroupbv.com\/de\/proaktiver-ansatz-zur-arbeitssicherheit\/\">\n\t\t\t\t\t\t<span class=\"elementor-button-content-wrapper\">\n\t\t\t\t\t\t\t\t\t<span class=\"elementor-button-text\">Lesen Sie mehr<\/span>\n\t\t\t\t\t<\/span>\n\t\t\t\t\t<\/a>\n\t\t\t\t<\/div>\n\t\t\t\t\t\t\t\t<\/div>\n\t\t\t\t<\/div>\n\t\t\t\t\t<\/div>\n\t\t<\/div>\n\t\t\t\t<div class=\"elementor-column elementor-col-50 elementor-top-column elementor-element elementor-element-2841067\" data-id=\"2841067\" data-element_type=\"column\">\n\t\t\t<div class=\"elementor-column-wrap--2841067 elementor-widget-wrap elementor-element-populated\">\n\t\t\t\t\t\t<div class=\"elementor-element elementor-element-05836f7 elementor-widget elementor-widget-video\" data-id=\"05836f7\" data-element_type=\"widget\" data-settings=\"{&quot;youtube_url&quot;:&quot;https:\\\/\\\/youtu.be\\\/6MKt9ZN4T4I&quot;,&quot;autoplay&quot;:&quot;yes&quot;,&quot;play_on_mobile&quot;:&quot;yes&quot;,&quot;loop&quot;:&quot;yes&quot;,&quot;video_type&quot;:&quot;youtube&quot;,&quot;controls&quot;:&quot;yes&quot;}\" data-widget_type=\"video.default\">\n\t\t\t\t<div class=\"elementor-widget-container\">\n\t\t\t\t\t\t\t<div class=\"elementor-wrapper elementor-open-inline\">\n\t\t\t<div class=\"elementor-video\"><\/div>\t\t<\/div>\n\t\t\t\t\t\t<\/div>\n\t\t\t\t<\/div>\n\t\t\t\t\t<\/div>\n\t\t<\/div>\n\t\t\t\t\t<\/div>\n\t\t<\/section>\n\t\t\t\t<\/div>\n\t\t","protected":false},"excerpt":{"rendered":"<p>Heute ist Welttag f\u00fcr Sicherheit am Arbeitsplatz. Mit diesem Tag m\u00f6chte die Internationale Arbeitsorganisation auf internationaler Ebene auf die Verh\u00fctung von Arbeitsunf\u00e4llen aufmerksam machen. Laut Statistics Netherlands gab es im Jahr 2021 in den Niederlanden fast 200.000 Arbeitsunf\u00e4lle. Deshalb ist ein proaktiver Umgang mit Arbeitssicherheit so wichtig! Erfahren Sie mehr \u00fcber die Vorteile einer proaktiven [&hellip;]<\/p>\n","protected":false},"author":1,"featured_media":5729,"comment_status":"closed","ping_status":"open","sticky":false,"template":"","format":"standard","meta":{"_acf_changed":false,"footnotes":""},"categories":[39,7],"tags":[],"class_list":["post-5826","post","type-post","status-publish","format-standard","has-post-thumbnail","hentry","category-blog-de","category-news"],"acf":[],"yoast_head":"<!-- This site is optimized with the Yoast SEO plugin v25.3.1 - https:\/\/yoast.com\/wordpress\/plugins\/seo\/ -->\n<title>Der Tag der Arbeitssicherheit - KMA Group BV<\/title>\n<meta name=\"description\" content=\"Am Freitag, den 28. April, ist Welttag f\u00fcr Sicherheit am Arbeitsplatz. Deshalb ist ein proaktiver Ansatz zur Arbeitssicherheit so wichtig. Erfahren Sie mehr \u00fcber die Vorteile einer proaktiven Politik und verbessern Sie die Sicherheit an Ihrem Arbeitsplatz!\" \/>\n<meta name=\"robots\" content=\"index, follow, max-snippet:-1, max-image-preview:large, max-video-preview:-1\" \/>\n<link rel=\"canonical\" href=\"https:\/\/www.kmagroupbv.com\/en\/2023\/04\/28\/the-day-of-safety-at-work\/\" \/>\n<meta property=\"og:locale\" content=\"de_DE\" \/>\n<meta property=\"og:type\" content=\"article\" \/>\n<meta property=\"og:title\" content=\"Der Tag der Arbeitssicherheit - KMA Group BV\" \/>\n<meta property=\"og:description\" content=\"Am Freitag, den 28. April, ist Welttag f\u00fcr Sicherheit am Arbeitsplatz. Deshalb ist ein proaktiver Ansatz zur Arbeitssicherheit so wichtig. Erfahren Sie mehr \u00fcber die Vorteile einer proaktiven Politik und verbessern Sie die Sicherheit an Ihrem Arbeitsplatz!\" \/>\n<meta property=\"og:url\" content=\"https:\/\/www.kmagroupbv.com\/en\/2023\/04\/28\/the-day-of-safety-at-work\/\" \/>\n<meta property=\"og:site_name\" content=\"KMA Group BV\" \/>\n<meta property=\"article:published_time\" content=\"2023-04-28T06:00:45+00:00\" \/>\n<meta property=\"article:modified_time\" content=\"2023-05-01T07:48:22+00:00\" \/>\n<meta property=\"og:image\" content=\"https:\/\/www.kmagroupbv.com\/wp-content\/uploads\/2023\/04\/two-unrecognizable-workers-reflective-suit-walking-through-warehouse-holding-blue-protective-hardhats.jpg\" \/>\n\t<meta property=\"og:image:width\" content=\"1\" \/>\n\t<meta property=\"og:image:height\" content=\"1\" \/>\n\t<meta property=\"og:image:type\" content=\"image\/jpeg\" \/>\n<meta name=\"author\" content=\"admin\" \/>\n<meta name=\"twitter:label1\" content=\"Verfasst von\" \/>\n\t<meta name=\"twitter:data1\" content=\"admin\" \/>\n\t<meta name=\"twitter:label2\" content=\"Gesch\u00e4tzte Lesezeit\" \/>\n\t<meta name=\"twitter:data2\" content=\"1\u00a0Minute\" \/>\n<script type=\"application\/ld+json\" class=\"yoast-schema-graph\">{\"@context\":\"https:\/\/schema.org\",\"@graph\":[{\"@type\":\"Article\",\"@id\":\"https:\/\/www.kmagroupbv.com\/en\/2023\/04\/28\/the-day-of-safety-at-work\/#article\",\"isPartOf\":{\"@id\":\"https:\/\/www.kmagroupbv.com\/en\/2023\/04\/28\/the-day-of-safety-at-work\/\"},\"author\":{\"name\":\"admin\",\"@id\":\"https:\/\/www.kmagroupbv.com\/#\/schema\/person\/5de7a6626951b1ee23e43ae7f3ef1197\"},\"headline\":\"Der Tag der Arbeitssicherheit\",\"datePublished\":\"2023-04-28T06:00:45+00:00\",\"dateModified\":\"2023-05-01T07:48:22+00:00\",\"mainEntityOfPage\":{\"@id\":\"https:\/\/www.kmagroupbv.com\/en\/2023\/04\/28\/the-day-of-safety-at-work\/\"},\"wordCount\":85,\"publisher\":{\"@id\":\"https:\/\/www.kmagroupbv.com\/#organization\"},\"image\":{\"@id\":\"https:\/\/www.kmagroupbv.com\/en\/2023\/04\/28\/the-day-of-safety-at-work\/#primaryimage\"},\"thumbnailUrl\":\"https:\/\/www.kmagroupbv.com\/wp-content\/uploads\/2023\/04\/two-unrecognizable-workers-reflective-suit-walking-through-warehouse-holding-blue-protective-hardhats.jpg\",\"articleSection\":[\"Blog\",\"News\"],\"inLanguage\":\"de\"},{\"@type\":\"WebPage\",\"@id\":\"https:\/\/www.kmagroupbv.com\/en\/2023\/04\/28\/the-day-of-safety-at-work\/\",\"url\":\"https:\/\/www.kmagroupbv.com\/en\/2023\/04\/28\/the-day-of-safety-at-work\/\",\"name\":\"Der Tag der Arbeitssicherheit - KMA Group BV\",\"isPartOf\":{\"@id\":\"https:\/\/www.kmagroupbv.com\/#website\"},\"primaryImageOfPage\":{\"@id\":\"https:\/\/www.kmagroupbv.com\/en\/2023\/04\/28\/the-day-of-safety-at-work\/#primaryimage\"},\"image\":{\"@id\":\"https:\/\/www.kmagroupbv.com\/en\/2023\/04\/28\/the-day-of-safety-at-work\/#primaryimage\"},\"thumbnailUrl\":\"https:\/\/www.kmagroupbv.com\/wp-content\/uploads\/2023\/04\/two-unrecognizable-workers-reflective-suit-walking-through-warehouse-holding-blue-protective-hardhats.jpg\",\"datePublished\":\"2023-04-28T06:00:45+00:00\",\"dateModified\":\"2023-05-01T07:48:22+00:00\",\"description\":\"Am Freitag, den 28. April, ist Welttag f\u00fcr Sicherheit am Arbeitsplatz. Deshalb ist ein proaktiver Ansatz zur Arbeitssicherheit so wichtig. Erfahren Sie mehr \u00fcber die Vorteile einer proaktiven Politik und verbessern Sie die Sicherheit an Ihrem Arbeitsplatz!\",\"breadcrumb\":{\"@id\":\"https:\/\/www.kmagroupbv.com\/en\/2023\/04\/28\/the-day-of-safety-at-work\/#breadcrumb\"},\"inLanguage\":\"de\",\"potentialAction\":[{\"@type\":\"ReadAction\",\"target\":[\"https:\/\/www.kmagroupbv.com\/en\/2023\/04\/28\/the-day-of-safety-at-work\/\"]}]},{\"@type\":\"ImageObject\",\"inLanguage\":\"de\",\"@id\":\"https:\/\/www.kmagroupbv.com\/en\/2023\/04\/28\/the-day-of-safety-at-work\/#primaryimage\",\"url\":\"https:\/\/www.kmagroupbv.com\/wp-content\/uploads\/2023\/04\/two-unrecognizable-workers-reflective-suit-walking-through-warehouse-holding-blue-protective-hardhats.jpg\",\"contentUrl\":\"https:\/\/www.kmagroupbv.com\/wp-content\/uploads\/2023\/04\/two-unrecognizable-workers-reflective-suit-walking-through-warehouse-holding-blue-protective-hardhats.jpg\",\"caption\":\"Two unrecognizable workers in reflective suit walking through warehouse and holding blue protective hardhats.\"},{\"@type\":\"BreadcrumbList\",\"@id\":\"https:\/\/www.kmagroupbv.com\/en\/2023\/04\/28\/the-day-of-safety-at-work\/#breadcrumb\",\"itemListElement\":[{\"@type\":\"ListItem\",\"position\":1,\"name\":\"Home\",\"item\":\"https:\/\/www.kmagroupbv.com\/en\/\"},{\"@type\":\"ListItem\",\"position\":2,\"name\":\"Der Tag der Arbeitssicherheit\"}]},{\"@type\":\"WebSite\",\"@id\":\"https:\/\/www.kmagroupbv.com\/#website\",\"url\":\"https:\/\/www.kmagroupbv.com\/\",\"name\":\"KMA Group BV\",\"description\":\"Industrieel textiel en brandveiligheid\",\"publisher\":{\"@id\":\"https:\/\/www.kmagroupbv.com\/#organization\"},\"potentialAction\":[{\"@type\":\"SearchAction\",\"target\":{\"@type\":\"EntryPoint\",\"urlTemplate\":\"https:\/\/www.kmagroupbv.com\/?s={search_term_string}\"},\"query-input\":{\"@type\":\"PropertyValueSpecification\",\"valueRequired\":true,\"valueName\":\"search_term_string\"}}],\"inLanguage\":\"de\"},{\"@type\":\"Organization\",\"@id\":\"https:\/\/www.kmagroupbv.com\/#organization\",\"name\":\"KMA Group BV\",\"url\":\"https:\/\/www.kmagroupbv.com\/\",\"logo\":{\"@type\":\"ImageObject\",\"inLanguage\":\"de\",\"@id\":\"https:\/\/www.kmagroupbv.com\/#\/schema\/logo\/image\/\",\"url\":\"https:\/\/www.kmagroupbv.com\/wp-content\/uploads\/2022\/02\/KMA-Logo-no-tag-line.png\",\"contentUrl\":\"https:\/\/www.kmagroupbv.com\/wp-content\/uploads\/2022\/02\/KMA-Logo-no-tag-line.png\",\"width\":551,\"height\":561,\"caption\":\"KMA Group BV\"},\"image\":{\"@id\":\"https:\/\/www.kmagroupbv.com\/#\/schema\/logo\/image\/\"}},{\"@type\":\"Person\",\"@id\":\"https:\/\/www.kmagroupbv.com\/#\/schema\/person\/5de7a6626951b1ee23e43ae7f3ef1197\",\"name\":\"admin\",\"image\":{\"@type\":\"ImageObject\",\"inLanguage\":\"de\",\"@id\":\"https:\/\/www.kmagroupbv.com\/#\/schema\/person\/image\/\",\"url\":\"https:\/\/secure.gravatar.com\/avatar\/ff7482918471c6b6bed79fa6002ae78a7d9e475723e2556ac529399c381c196a?s=96&d=mm&r=g\",\"contentUrl\":\"https:\/\/secure.gravatar.com\/avatar\/ff7482918471c6b6bed79fa6002ae78a7d9e475723e2556ac529399c381c196a?s=96&d=mm&r=g\",\"caption\":\"admin\"},\"sameAs\":[\"https:\/\/www.kmagroupbv.com\"],\"url\":\"https:\/\/www.kmagroupbv.com\/de\/author\/admin\/\"}]}<\/script>\n<!-- \/ Yoast SEO plugin. -->","yoast_head_json":{"title":"Der Tag der Arbeitssicherheit - KMA Group BV","description":"Am Freitag, den 28. April, ist Welttag f\u00fcr Sicherheit am Arbeitsplatz. Deshalb ist ein proaktiver Ansatz zur Arbeitssicherheit so wichtig. Erfahren Sie mehr \u00fcber die Vorteile einer proaktiven Politik und verbessern Sie die Sicherheit an Ihrem Arbeitsplatz!","robots":{"index":"index","follow":"follow","max-snippet":"max-snippet:-1","max-image-preview":"max-image-preview:large","max-video-preview":"max-video-preview:-1"},"canonical":"https:\/\/www.kmagroupbv.com\/en\/2023\/04\/28\/the-day-of-safety-at-work\/","og_locale":"de_DE","og_type":"article","og_title":"Der Tag der Arbeitssicherheit - KMA Group BV","og_description":"Am Freitag, den 28. April, ist Welttag f\u00fcr Sicherheit am Arbeitsplatz. Deshalb ist ein proaktiver Ansatz zur Arbeitssicherheit so wichtig. Erfahren Sie mehr \u00fcber die Vorteile einer proaktiven Politik und verbessern Sie die Sicherheit an Ihrem Arbeitsplatz!","og_url":"https:\/\/www.kmagroupbv.com\/en\/2023\/04\/28\/the-day-of-safety-at-work\/","og_site_name":"KMA Group BV","article_published_time":"2023-04-28T06:00:45+00:00","article_modified_time":"2023-05-01T07:48:22+00:00","og_image":[{"url":"https:\/\/www.kmagroupbv.com\/wp-content\/uploads\/2023\/04\/two-unrecognizable-workers-reflective-suit-walking-through-warehouse-holding-blue-protective-hardhats.jpg","width":1,"height":1,"type":"image\/jpeg"}],"author":"admin","twitter_misc":{"Verfasst von":"admin","Gesch\u00e4tzte Lesezeit":"1\u00a0Minute"},"schema":{"@context":"https:\/\/schema.org","@graph":[{"@type":"Article","@id":"https:\/\/www.kmagroupbv.com\/en\/2023\/04\/28\/the-day-of-safety-at-work\/#article","isPartOf":{"@id":"https:\/\/www.kmagroupbv.com\/en\/2023\/04\/28\/the-day-of-safety-at-work\/"},"author":{"name":"admin","@id":"https:\/\/www.kmagroupbv.com\/#\/schema\/person\/5de7a6626951b1ee23e43ae7f3ef1197"},"headline":"Der Tag der Arbeitssicherheit","datePublished":"2023-04-28T06:00:45+00:00","dateModified":"2023-05-01T07:48:22+00:00","mainEntityOfPage":{"@id":"https:\/\/www.kmagroupbv.com\/en\/2023\/04\/28\/the-day-of-safety-at-work\/"},"wordCount":85,"publisher":{"@id":"https:\/\/www.kmagroupbv.com\/#organization"},"image":{"@id":"https:\/\/www.kmagroupbv.com\/en\/2023\/04\/28\/the-day-of-safety-at-work\/#primaryimage"},"thumbnailUrl":"https:\/\/www.kmagroupbv.com\/wp-content\/uploads\/2023\/04\/two-unrecognizable-workers-reflective-suit-walking-through-warehouse-holding-blue-protective-hardhats.jpg","articleSection":["Blog","News"],"inLanguage":"de"},{"@type":"WebPage","@id":"https:\/\/www.kmagroupbv.com\/en\/2023\/04\/28\/the-day-of-safety-at-work\/","url":"https:\/\/www.kmagroupbv.com\/en\/2023\/04\/28\/the-day-of-safety-at-work\/","name":"Der Tag der Arbeitssicherheit - KMA Group BV","isPartOf":{"@id":"https:\/\/www.kmagroupbv.com\/#website"},"primaryImageOfPage":{"@id":"https:\/\/www.kmagroupbv.com\/en\/2023\/04\/28\/the-day-of-safety-at-work\/#primaryimage"},"image":{"@id":"https:\/\/www.kmagroupbv.com\/en\/2023\/04\/28\/the-day-of-safety-at-work\/#primaryimage"},"thumbnailUrl":"https:\/\/www.kmagroupbv.com\/wp-content\/uploads\/2023\/04\/two-unrecognizable-workers-reflective-suit-walking-through-warehouse-holding-blue-protective-hardhats.jpg","datePublished":"2023-04-28T06:00:45+00:00","dateModified":"2023-05-01T07:48:22+00:00","description":"Am Freitag, den 28. April, ist Welttag f\u00fcr Sicherheit am Arbeitsplatz. Deshalb ist ein proaktiver Ansatz zur Arbeitssicherheit so wichtig. Erfahren Sie mehr \u00fcber die Vorteile einer proaktiven Politik und verbessern Sie die Sicherheit an Ihrem Arbeitsplatz!","breadcrumb":{"@id":"https:\/\/www.kmagroupbv.com\/en\/2023\/04\/28\/the-day-of-safety-at-work\/#breadcrumb"},"inLanguage":"de","potentialAction":[{"@type":"ReadAction","target":["https:\/\/www.kmagroupbv.com\/en\/2023\/04\/28\/the-day-of-safety-at-work\/"]}]},{"@type":"ImageObject","inLanguage":"de","@id":"https:\/\/www.kmagroupbv.com\/en\/2023\/04\/28\/the-day-of-safety-at-work\/#primaryimage","url":"https:\/\/www.kmagroupbv.com\/wp-content\/uploads\/2023\/04\/two-unrecognizable-workers-reflective-suit-walking-through-warehouse-holding-blue-protective-hardhats.jpg","contentUrl":"https:\/\/www.kmagroupbv.com\/wp-content\/uploads\/2023\/04\/two-unrecognizable-workers-reflective-suit-walking-through-warehouse-holding-blue-protective-hardhats.jpg","caption":"Two unrecognizable workers in reflective suit walking through warehouse and holding blue protective hardhats."},{"@type":"BreadcrumbList","@id":"https:\/\/www.kmagroupbv.com\/en\/2023\/04\/28\/the-day-of-safety-at-work\/#breadcrumb","itemListElement":[{"@type":"ListItem","position":1,"name":"Home","item":"https:\/\/www.kmagroupbv.com\/en\/"},{"@type":"ListItem","position":2,"name":"Der Tag der Arbeitssicherheit"}]},{"@type":"WebSite","@id":"https:\/\/www.kmagroupbv.com\/#website","url":"https:\/\/www.kmagroupbv.com\/","name":"KMA Group BV","description":"Industrieel textiel en brandveiligheid","publisher":{"@id":"https:\/\/www.kmagroupbv.com\/#organization"},"potentialAction":[{"@type":"SearchAction","target":{"@type":"EntryPoint","urlTemplate":"https:\/\/www.kmagroupbv.com\/?s={search_term_string}"},"query-input":{"@type":"PropertyValueSpecification","valueRequired":true,"valueName":"search_term_string"}}],"inLanguage":"de"},{"@type":"Organization","@id":"https:\/\/www.kmagroupbv.com\/#organization","name":"KMA Group BV","url":"https:\/\/www.kmagroupbv.com\/","logo":{"@type":"ImageObject","inLanguage":"de","@id":"https:\/\/www.kmagroupbv.com\/#\/schema\/logo\/image\/","url":"https:\/\/www.kmagroupbv.com\/wp-content\/uploads\/2022\/02\/KMA-Logo-no-tag-line.png","contentUrl":"https:\/\/www.kmagroupbv.com\/wp-content\/uploads\/2022\/02\/KMA-Logo-no-tag-line.png","width":551,"height":561,"caption":"KMA Group BV"},"image":{"@id":"https:\/\/www.kmagroupbv.com\/#\/schema\/logo\/image\/"}},{"@type":"Person","@id":"https:\/\/www.kmagroupbv.com\/#\/schema\/person\/5de7a6626951b1ee23e43ae7f3ef1197","name":"admin","image":{"@type":"ImageObject","inLanguage":"de","@id":"https:\/\/www.kmagroupbv.com\/#\/schema\/person\/image\/","url":"https:\/\/secure.gravatar.com\/avatar\/ff7482918471c6b6bed79fa6002ae78a7d9e475723e2556ac529399c381c196a?s=96&d=mm&r=g","contentUrl":"https:\/\/secure.gravatar.com\/avatar\/ff7482918471c6b6bed79fa6002ae78a7d9e475723e2556ac529399c381c196a?s=96&d=mm&r=g","caption":"admin"},"sameAs":["https:\/\/www.kmagroupbv.com"],"url":"https:\/\/www.kmagroupbv.com\/de\/author\/admin\/"}]}},"_links":{"self":[{"href":"https:\/\/www.kmagroupbv.com\/de\/wp-json\/wp\/v2\/posts\/5826","targetHints":{"allow":["GET"]}}],"collection":[{"href":"https:\/\/www.kmagroupbv.com\/de\/wp-json\/wp\/v2\/posts"}],"about":[{"href":"https:\/\/www.kmagroupbv.com\/de\/wp-json\/wp\/v2\/types\/post"}],"author":[{"embeddable":true,"href":"https:\/\/www.kmagroupbv.com\/de\/wp-json\/wp\/v2\/users\/1"}],"replies":[{"embeddable":true,"href":"https:\/\/www.kmagroupbv.com\/de\/wp-json\/wp\/v2\/comments?post=5826"}],"version-history":[{"count":6,"href":"https:\/\/www.kmagroupbv.com\/de\/wp-json\/wp\/v2\/posts\/5826\/revisions"}],"predecessor-version":[{"id":5976,"href":"https:\/\/www.kmagroupbv.com\/de\/wp-json\/wp\/v2\/posts\/5826\/revisions\/5976"}],"wp:featuredmedia":[{"embeddable":true,"href":"https:\/\/www.kmagroupbv.com\/de\/wp-json\/wp\/v2\/media\/5729"}],"wp:attachment":[{"href":"https:\/\/www.kmagroupbv.com\/de\/wp-json\/wp\/v2\/media?parent=5826"}],"wp:term":[{"taxonomy":"category","embeddable":true,"href":"https:\/\/www.kmagroupbv.com\/de\/wp-json\/wp\/v2\/categories?post=5826"},{"taxonomy":"post_tag","embeddable":true,"href":"https:\/\/www.kmagroupbv.com\/de\/wp-json\/wp\/v2\/tags?post=5826"}],"curies":[{"name":"wp","href":"https:\/\/api.w.org\/{rel}","templated":true}]}}